{"id":1269,"date":"2018-08-20T10:58:08","date_gmt":"2018-08-20T10:58:08","guid":{"rendered":"http:\/\/lwinter.ch\/wordpress\/?p=1269"},"modified":"2018-08-20T10:58:08","modified_gmt":"2018-08-20T10:58:08","slug":"vom-allerfeinsten","status":"publish","type":"post","link":"https:\/\/www.lwinter.net\/forum\/radl\/vom-allerfeinsten\/","title":{"rendered":"vom allerfeinsten &#8230;"},"content":{"rendered":"<p>&#8230; war dieses Wochenende &#8230;<\/p>\n<p>Wieder mal war ich mit dem Motorrad unterwegs.<\/p>\n<p>Freitag nachmittags, direkt vom B\u00fcro weg, bin ich nach Reutte gefahren. Geplant war Hittisau, Balderschwang, Fischen, da war aber die Strasse gesperrt, also \u00fcber Oberstaufen, Immenstadt, Sonthofen. Als Unterkunft hatte ich mir das &#8222;Naturhotel Lechlife&#8220; (www.lechlife.at) ausgesucht. Dort angekommen, das letzte freie Zimmer bekommen, einen angenehmen Abend erlebt.<\/p>\n<p><img loading=\"lazy\" decoding=\"async\" class=\"wp-image-1268 size-full\" src=\"http:\/\/www.lwinter.net\/forum\/wp-content\/uploads\/2018\/08\/img_0344-1.jpg\" width=\"4032\" height=\"3024\" \/><\/p>\n<p><img loading=\"lazy\" decoding=\"async\" class=\"wp-image-1262 size-full\" src=\"http:\/\/www.lwinter.net\/forum\/wp-content\/uploads\/2018\/08\/img_0335.jpg\" width=\"4032\" height=\"3024\" \/><\/p>\n<p>Samstag habe ich den Plan &#8222;ab in&#8217;s Allg\u00e4u&#8220; ausgef\u00fchrt. Dort l\u00e4uft der Verkehr \u00fcber Autobahn und Bundesstrasse, somit bleiben f\u00fcr mich die Nebenstrassen. Und genau so war es dann auch.<\/p>\n<p><img loading=\"lazy\" decoding=\"async\" class=\"size-full wp-image-1263\" src=\"http:\/\/www.lwinter.net\/forum\/wp-content\/uploads\/2018\/08\/img_0336.jpg\" width=\"4032\" height=\"3024\" \/><\/p>\n<p><img loading=\"lazy\" decoding=\"async\" class=\"wp-image-1264 size-full\" src=\"http:\/\/www.lwinter.net\/forum\/wp-content\/uploads\/2018\/08\/img_0337.jpg\" width=\"4032\" height=\"3024\" \/><\/p>\n<p><img loading=\"lazy\" decoding=\"async\" class=\"wp-image-1265 size-full\" src=\"http:\/\/www.lwinter.net\/forum\/wp-content\/uploads\/2018\/08\/img_0339.jpg\" width=\"4032\" height=\"3024\" \/><\/p>\n<p><img loading=\"lazy\" decoding=\"async\" class=\"wp-image-1266 size-full\" src=\"http:\/\/www.lwinter.net\/forum\/wp-content\/uploads\/2018\/08\/img_0341.jpg\" width=\"3024\" height=\"4032\" \/><\/p>\n<p>Sonntag ging&#8217;s nach Hause, mit einem ordentlichen Bogen um den Bodensee.<\/p>\n","protected":false},"excerpt":{"rendered":"<p>&#8230; war dieses Wochenende &#8230; Wieder mal war ich mit dem Motorrad unterwegs. Freitag nachmittags, direkt vom B\u00fcro weg, bin ich nach Reutte gefahren. Geplant war Hittisau, Balderschwang, Fischen, da war aber die Strasse gesperrt, also \u00fcber Oberstaufen, Immenstadt, Sonthofen. &hellip; <a href=\"https:\/\/www.lwinter.net\/forum\/radl\/vom-allerfeinsten\/\">Weiterlesen <span class=\"meta-nav\">&rarr;<\/span><\/a><\/p>\n","protected":false},"author":4,"featured_media":0,"comment_status":"open","ping_status":"closed","sticky":false,"template":"","format":"standard","meta":{"footnotes":""},"categories":[9],"tags":[],"class_list":["post-1269","post","type-post","status-publish","format-standard","hentry","category-radl"],"_links":{"self":[{"href":"https:\/\/www.lwinter.net\/forum\/wp-json\/wp\/v2\/posts\/1269","targetHints":{"allow":["GET"]}}],"collection":[{"href":"https:\/\/www.lwinter.net\/forum\/wp-json\/wp\/v2\/posts"}],"about":[{"href":"https:\/\/www.lwinter.net\/forum\/wp-json\/wp\/v2\/types\/post"}],"author":[{"embeddable":true,"href":"https:\/\/www.lwinter.net\/forum\/wp-json\/wp\/v2\/users\/4"}],"replies":[{"embeddable":true,"href":"https:\/\/www.lwinter.net\/forum\/wp-json\/wp\/v2\/comments?post=1269"}],"version-history":[{"count":0,"href":"https:\/\/www.lwinter.net\/forum\/wp-json\/wp\/v2\/posts\/1269\/revisions"}],"wp:attachment":[{"href":"https:\/\/www.lwinter.net\/forum\/wp-json\/wp\/v2\/media?parent=1269"}],"wp:term":[{"taxonomy":"category","embeddable":true,"href":"https:\/\/www.lwinter.net\/forum\/wp-json\/wp\/v2\/categories?post=1269"},{"taxonomy":"post_tag","embeddable":true,"href":"https:\/\/www.lwinter.net\/forum\/wp-json\/wp\/v2\/tags?post=1269"}],"curies":[{"name":"wp","href":"https:\/\/api.w.org\/{rel}","templated":true}]}}