{"id":927,"date":"2017-07-12T16:05:36","date_gmt":"2017-07-12T16:05:36","guid":{"rendered":"http:\/\/lwinter.ch\/wordpress\/?p=927"},"modified":"2017-07-12T16:05:36","modified_gmt":"2017-07-12T16:05:36","slug":"f-800-gt","status":"publish","type":"post","link":"https:\/\/www.lwinter.net\/forum\/radl\/f-800-gt\/","title":{"rendered":"MTR Tour &#8211; F 800 GT"},"content":{"rendered":"<div id=\"attachment_923\" style=\"width: 484px\" class=\"wp-caption alignnone\"><img loading=\"lazy\" decoding=\"async\" aria-describedby=\"caption-attachment-923\" class=\"size-large wp-image-923\" src=\"http:\/\/www.lwinter.net\/forum\/wp-content\/uploads\/2017\/07\/DSC05117-1024x683.jpg\" alt=\"\" width=\"474\" height=\"316\" \/><p id=\"caption-attachment-923\" class=\"wp-caption-text\">F 800 GT<\/p><\/div>\n<p>Selber schuld&#8230;&#8230;&#8230;&#8230;&#8230;..<\/p>\n<p>Bei meinem Preis war auch ein Mietmotorrad mit enthalten. Und da hatte ich eine grosse Auswahl. Leider war mein Favorit, die S 1000 XR, nicht mit in der Verlosung. Meine \u00dcberlegung war dann, dass ich mal eine Nummer kleiner als meine RT probieren m\u00f6chte. Und so habe ich die F 800 GT gew\u00e4hlt.<\/p>\n<p>Ein Fehler.<\/p>\n<p>Wie ich schon am ersten Tag feststellen musste.<\/p>\n<p>Sie l\u00e4sst sich sehr gut fahren. Das Gesamtpaket ist aber im Vergleich zu meiner RT viel, viel schlechter. Das ist furchtbar laut, da zieht es wie Hechtsuppe, es gibt nicht mal einen Tageskilometerz\u00e4hler. Okay, das letzte ist ziemlich wurscht.<\/p>\n<p>Wie auch immer. Ich habe die ganze Woche dieses Radl bewegt.<\/p>\n<p>Und somit weiss ich jetzt, dass ich meine RT so lange fahren muss, wie das irgendwie m\u00f6glich ist.<\/p>\n<p><img loading=\"lazy\" decoding=\"async\" class=\"alignnone size-large wp-image-665\" src=\"https:\/\/lwinter.ch\/wordpress\/wp-content\/uploads\/2017\/03\/WP_20160920_11_13_51_Pro-1024x576.jpg\" alt=\"\" width=\"474\" height=\"267\" \/><\/p>\n<p>&nbsp;<\/p>\n","protected":false},"excerpt":{"rendered":"<p>Selber schuld&#8230;&#8230;&#8230;&#8230;&#8230;.. Bei meinem Preis war auch ein Mietmotorrad mit enthalten. Und da hatte ich eine grosse Auswahl. Leider war mein Favorit, die S 1000 XR, nicht mit in der Verlosung. Meine \u00dcberlegung war dann, dass ich mal eine Nummer &hellip; <a href=\"https:\/\/www.lwinter.net\/forum\/radl\/f-800-gt\/\">Weiterlesen <span class=\"meta-nav\">&rarr;<\/span><\/a><\/p>\n","protected":false},"author":4,"featured_media":0,"comment_status":"open","ping_status":"closed","sticky":false,"template":"","format":"standard","meta":{"footnotes":""},"categories":[9,12],"tags":[],"class_list":["post-927","post","type-post","status-publish","format-standard","hentry","category-radl","category-urlaub"],"_links":{"self":[{"href":"https:\/\/www.lwinter.net\/forum\/wp-json\/wp\/v2\/posts\/927","targetHints":{"allow":["GET"]}}],"collection":[{"href":"https:\/\/www.lwinter.net\/forum\/wp-json\/wp\/v2\/posts"}],"about":[{"href":"https:\/\/www.lwinter.net\/forum\/wp-json\/wp\/v2\/types\/post"}],"author":[{"embeddable":true,"href":"https:\/\/www.lwinter.net\/forum\/wp-json\/wp\/v2\/users\/4"}],"replies":[{"embeddable":true,"href":"https:\/\/www.lwinter.net\/forum\/wp-json\/wp\/v2\/comments?post=927"}],"version-history":[{"count":0,"href":"https:\/\/www.lwinter.net\/forum\/wp-json\/wp\/v2\/posts\/927\/revisions"}],"wp:attachment":[{"href":"https:\/\/www.lwinter.net\/forum\/wp-json\/wp\/v2\/media?parent=927"}],"wp:term":[{"taxonomy":"category","embeddable":true,"href":"https:\/\/www.lwinter.net\/forum\/wp-json\/wp\/v2\/categories?post=927"},{"taxonomy":"post_tag","embeddable":true,"href":"https:\/\/www.lwinter.net\/forum\/wp-json\/wp\/v2\/tags?post=927"}],"curies":[{"name":"wp","href":"https:\/\/api.w.org\/{rel}","templated":true}]}}